{"id":4993,"date":"2026-04-27T22:40:46","date_gmt":"2026-04-27T20:40:46","guid":{"rendered":"http:\/\/petitssuissesnormands.ovh\/?p=4993"},"modified":"2026-04-27T22:52:15","modified_gmt":"2026-04-27T20:52:15","slug":"radicatrail-2026","status":"publish","type":"post","link":"http:\/\/petitssuissesnormands.ovh\/index.php\/2026\/04\/27\/radicatrail-2026\/","title":{"rendered":"Radicatrail &#8211; Lillebonne (76) &#8211; 25 et 26 avril 2026"},"content":{"rendered":"<p style=\"text-align: justify;\">Pour sa 3\u00e8me participation \u00e0 cette \u00e9preuve,<span style=\"color: #1167b5;\"><strong> Thierry<\/strong><\/span> est venu \u00e0 bout des <strong>122 km<\/strong> et <strong>3600 m\u00e8tres de D+<\/strong> du <strong>Radicassant<\/strong>. Il prend une superbe<span style=\"color: #1167b5;\"><strong> 87\u00e8me<\/strong> <\/span>place au scratch (173 partants \/ 124 class\u00e9s) et se classe <strong><span style=\"color: #1167b5;\">1er master 6<\/span><\/strong>, apr\u00e8s 19h19 de course. Un grand bravo !!&nbsp;<\/p>\n<p style=\"text-align: justify;\">\u00c0 noter l&rsquo;\u00e9norme performance d&rsquo;<strong><span style=\"color: #1167b5;\">Adelin<\/span><\/strong>, ancien Petit Suisse Normand (Champion de France de raid U23 avec Titouan et Juliette en 2024) qui <strong>remporte<\/strong> le parcours de<strong> 62 km<\/strong> en 4h56 !!<\/p>\n<p><img loading=\"lazy\" decoding=\"async\" class=\"aligncenter wp-image-4997\" src=\"http:\/\/petitssuissesnormands.ovh\/wp-content\/uploads\/2026\/04\/radi_Thierry-1024x463.jpg\" alt=\"\" width=\"720\" height=\"326\" srcset=\"http:\/\/petitssuissesnormands.ovh\/wp-content\/uploads\/2026\/04\/radi_Thierry-1024x463.jpg 1024w, http:\/\/petitssuissesnormands.ovh\/wp-content\/uploads\/2026\/04\/radi_Thierry-300x136.jpg 300w, http:\/\/petitssuissesnormands.ovh\/wp-content\/uploads\/2026\/04\/radi_Thierry-768x347.jpg 768w, http:\/\/petitssuissesnormands.ovh\/wp-content\/uploads\/2026\/04\/radi_Thierry.jpg 1179w\" sizes=\"auto, (max-width: 720px) 100vw, 720px\" \/><\/p>\n<p>&nbsp;<\/p>\n<p>&nbsp;<\/p>\n","protected":false},"excerpt":{"rendered":"<p>Pour sa 3\u00e8me participation \u00e0 cette \u00e9preuve, Thierry est venu \u00e0 bout des 122 km et 3600 m\u00e8tres de D+ du Radicassant. Il prend une superbe 87\u00e8me place au scratch<\/p>\n","protected":false},"author":1,"featured_media":4994,"comment_status":"closed","ping_status":"closed","sticky":false,"template":"","format":"standard","meta":{"ngg_post_thumbnail":0,"footnotes":""},"categories":[26,29],"tags":[],"class_list":["post-4993","post","type-post","status-publish","format-standard","has-post-thumbnail","hentry","category-course-a-pied","category-trail-course-a-pied","comments-off"],"_links":{"self":[{"href":"http:\/\/petitssuissesnormands.ovh\/index.php\/wp-json\/wp\/v2\/posts\/4993","targetHints":{"allow":["GET"]}}],"collection":[{"href":"http:\/\/petitssuissesnormands.ovh\/index.php\/wp-json\/wp\/v2\/posts"}],"about":[{"href":"http:\/\/petitssuissesnormands.ovh\/index.php\/wp-json\/wp\/v2\/types\/post"}],"author":[{"embeddable":true,"href":"http:\/\/petitssuissesnormands.ovh\/index.php\/wp-json\/wp\/v2\/users\/1"}],"replies":[{"embeddable":true,"href":"http:\/\/petitssuissesnormands.ovh\/index.php\/wp-json\/wp\/v2\/comments?post=4993"}],"version-history":[{"count":1,"href":"http:\/\/petitssuissesnormands.ovh\/index.php\/wp-json\/wp\/v2\/posts\/4993\/revisions"}],"predecessor-version":[{"id":4998,"href":"http:\/\/petitssuissesnormands.ovh\/index.php\/wp-json\/wp\/v2\/posts\/4993\/revisions\/4998"}],"wp:featuredmedia":[{"embeddable":true,"href":"http:\/\/petitssuissesnormands.ovh\/index.php\/wp-json\/wp\/v2\/media\/4994"}],"wp:attachment":[{"href":"http:\/\/petitssuissesnormands.ovh\/index.php\/wp-json\/wp\/v2\/media?parent=4993"}],"wp:term":[{"taxonomy":"category","embeddable":true,"href":"http:\/\/petitssuissesnormands.ovh\/index.php\/wp-json\/wp\/v2\/categories?post=4993"},{"taxonomy":"post_tag","embeddable":true,"href":"http:\/\/petitssuissesnormands.ovh\/index.php\/wp-json\/wp\/v2\/tags?post=4993"}],"curies":[{"name":"wp","href":"https:\/\/api.w.org\/{rel}","templated":true}]}}