{"id":4959,"date":"2026-04-23T10:20:25","date_gmt":"2026-04-23T08:20:25","guid":{"rendered":"http:\/\/petitssuissesnormands.ovh\/?p=4959"},"modified":"2026-04-24T17:22:34","modified_gmt":"2026-04-24T15:22:34","slug":"trail-des-collines-normandes-2026","status":"publish","type":"post","link":"http:\/\/petitssuissesnormands.ovh\/index.php\/2026\/04\/23\/trail-des-collines-normandes-2026\/","title":{"rendered":"Trail des Collines Normandes &#8211; Cond\u00e9 en Normandie (14) &#8211; Samedi 11 avril 2026"},"content":{"rendered":"<p>Quelques <strong>Petits Suisses Normands<\/strong> \u00e9taient engag\u00e9s sur le <strong>Trail des Collines Normandes<\/strong> organis\u00e9 par Cap Cond\u00e9.<\/p>\n<p><span style=\"text-decoration: underline;\"><strong>Trail des Aiglons 50 km<\/strong><\/span> (246 class\u00e9s)<\/p>\n<ul>\n<li><span style=\"color: #1167b5;\"><strong>Jean-Christophe S<\/strong><\/span> : <span style=\"color: #1167b5;\"><strong>5\u00e8me<\/strong><\/span> place au scratch (<span style=\"color: #1167b5;\"><strong>1er master 1<\/strong><\/span>) en 4h12&rsquo;26<\/li>\n<li><strong><span style=\"color: #1167b5;\">Nicolas L<\/span> <\/strong>: <span style=\"color: #1167b5;\"><strong>228\u00e8me<\/strong><\/span> place au scratch (<span style=\"color: #1167b5;\"><strong>32\u00e8me master 2<\/strong><\/span>) en 7h16&rsquo;18<\/li>\n<\/ul>\n<p><span style=\"text-decoration: underline;\"><strong>Trail des Faucons 35 km<\/strong><\/span> (319 class\u00e9s)<\/p>\n<ul>\n<li><span style=\"color: #1167b5;\"><strong>Dominique F<\/strong><\/span> : <span style=\"color: #1167b5;\"><strong>31\u00e8me<\/strong><\/span> place au scratch (<span style=\"color: #1167b5;\"><strong>2\u00e8me master 3<\/strong><\/span>) en 3h20&rsquo;17<\/li>\n<li><strong><span style=\"color: #1167b5;\">Maxime D<\/span> <\/strong>: <span style=\"color: #1167b5;\"><strong>219\u00e8me<\/strong><\/span> place au scratch (<span style=\"color: #1167b5;\"><strong>75\u00e8me senior<\/strong><\/span>) en 4h16&rsquo;37<\/li>\n<\/ul>\n<p><span style=\"text-decoration: underline;\"><strong>Trail des \u00c9perviers 22 km<\/strong><\/span> (323 class\u00e9s)<\/p>\n<ul>\n<li><span style=\"color: #1167b5;\"><strong>David L<\/strong><\/span> : <span style=\"color: #1167b5;\"><strong>137\u00e8me<\/strong><\/span> place au scratch (<span style=\"color: #1167b5;\"><strong>14\u00e8me master 2<\/strong><\/span>) en 2h19&rsquo;06<\/li>\n<\/ul>\n<p><span style=\"color: #1167b5;\"><strong>J\u00e9r\u00f4me C<\/strong><\/span> et <strong><span style=\"color: #1167b5;\">Am\u00e9lie G<\/span><\/strong> \u00e9taient b\u00e9n\u00e9voles sur l&rsquo;organisation.<\/p>\n<p><img loading=\"lazy\" decoding=\"async\" class=\"aligncenter size-large wp-image-4989\" src=\"http:\/\/petitssuissesnormands.ovh\/wp-content\/uploads\/2026\/04\/DSC_5911-1024x446.jpg\" alt=\"\" width=\"910\" height=\"396\" srcset=\"http:\/\/petitssuissesnormands.ovh\/wp-content\/uploads\/2026\/04\/DSC_5911-1024x446.jpg 1024w, http:\/\/petitssuissesnormands.ovh\/wp-content\/uploads\/2026\/04\/DSC_5911-300x131.jpg 300w, http:\/\/petitssuissesnormands.ovh\/wp-content\/uploads\/2026\/04\/DSC_5911-768x335.jpg 768w, http:\/\/petitssuissesnormands.ovh\/wp-content\/uploads\/2026\/04\/DSC_5911-1536x670.jpg 1536w, http:\/\/petitssuissesnormands.ovh\/wp-content\/uploads\/2026\/04\/DSC_5911.jpg 1835w\" sizes=\"auto, (max-width: 910px) 100vw, 910px\" \/><\/p>\n","protected":false},"excerpt":{"rendered":"<p>Quelques Petits Suisses Normands \u00e9taient engag\u00e9s sur le Trail des Collines Normandes organis\u00e9 par Cap Cond\u00e9. Trail des Aiglons 50 km (246 class\u00e9s) Jean-Christophe S : 5\u00e8me place au scratch<\/p>\n","protected":false},"author":1,"featured_media":4960,"comment_status":"closed","ping_status":"closed","sticky":false,"template":"","format":"standard","meta":{"ngg_post_thumbnail":0,"footnotes":""},"categories":[26,29],"tags":[],"class_list":["post-4959","post","type-post","status-publish","format-standard","has-post-thumbnail","hentry","category-course-a-pied","category-trail-course-a-pied","comments-off"],"_links":{"self":[{"href":"http:\/\/petitssuissesnormands.ovh\/index.php\/wp-json\/wp\/v2\/posts\/4959","targetHints":{"allow":["GET"]}}],"collection":[{"href":"http:\/\/petitssuissesnormands.ovh\/index.php\/wp-json\/wp\/v2\/posts"}],"about":[{"href":"http:\/\/petitssuissesnormands.ovh\/index.php\/wp-json\/wp\/v2\/types\/post"}],"author":[{"embeddable":true,"href":"http:\/\/petitssuissesnormands.ovh\/index.php\/wp-json\/wp\/v2\/users\/1"}],"replies":[{"embeddable":true,"href":"http:\/\/petitssuissesnormands.ovh\/index.php\/wp-json\/wp\/v2\/comments?post=4959"}],"version-history":[{"count":5,"href":"http:\/\/petitssuissesnormands.ovh\/index.php\/wp-json\/wp\/v2\/posts\/4959\/revisions"}],"predecessor-version":[{"id":4991,"href":"http:\/\/petitssuissesnormands.ovh\/index.php\/wp-json\/wp\/v2\/posts\/4959\/revisions\/4991"}],"wp:featuredmedia":[{"embeddable":true,"href":"http:\/\/petitssuissesnormands.ovh\/index.php\/wp-json\/wp\/v2\/media\/4960"}],"wp:attachment":[{"href":"http:\/\/petitssuissesnormands.ovh\/index.php\/wp-json\/wp\/v2\/media?parent=4959"}],"wp:term":[{"taxonomy":"category","embeddable":true,"href":"http:\/\/petitssuissesnormands.ovh\/index.php\/wp-json\/wp\/v2\/categories?post=4959"},{"taxonomy":"post_tag","embeddable":true,"href":"http:\/\/petitssuissesnormands.ovh\/index.php\/wp-json\/wp\/v2\/tags?post=4959"}],"curies":[{"name":"wp","href":"https:\/\/api.w.org\/{rel}","templated":true}]}}