{"id":4955,"date":"2026-04-23T10:30:09","date_gmt":"2026-04-23T08:30:09","guid":{"rendered":"http:\/\/petitssuissesnormands.ovh\/?p=4955"},"modified":"2026-04-24T16:41:49","modified_gmt":"2026-04-24T14:41:49","slug":"duathlon-suisse-normande-2026","status":"publish","type":"post","link":"http:\/\/petitssuissesnormands.ovh\/index.php\/2026\/04\/23\/duathlon-suisse-normande-2026\/","title":{"rendered":"Duathlon de la Suisse Normande &#8211; Cond\u00e9 en Normandie (14) &#8211; 12 avril 2026"},"content":{"rendered":"<p style=\"text-align: justify;\">Deux <strong>Petits Suisses Normands<\/strong> \u00e9taient au d\u00e9part du <strong>Duathlon de la Suisse Normande<\/strong>, organis\u00e9 par les Tritons Cond\u00e9ens. <strong>Format XS<\/strong> (CAP 2,3 km \/ V\u00e9lo 9 km \/ CAP 1,4 km) pour <span style=\"color: #1167b5;\"><strong>Robin<\/strong><\/span>, <strong>format S<\/strong> (CAP 4,5 km \/ V\u00e9lo 24 km \/ CAP 2,3 km) pour <span style=\"color: #1167b5;\"><strong>Vincent<\/strong><\/span>.<\/p>\n<p><span style=\"color: #000000;\"><strong>XS : <\/strong><\/span><strong><span style=\"color: #1167b5;\">Robin<\/span><\/strong> prend la <strong><span style=\"color: #1167b5;\">32\u00e8me<\/span><\/strong> place au scratch (sur 43) en 40&rsquo;33 et se classe <span style=\"color: #1167b5;\"><strong>8\u00e8me benjamin<\/strong><\/span> (10&rsquo;27 \/ 19&rsquo;37 \/ 8&rsquo;56).<\/p>\n<p><span style=\"color: #000000;\"><strong>S : <\/strong><\/span><strong><span style=\"color: #1167b5;\">Vincent<\/span><\/strong> prend la <strong><span style=\"color: #1167b5;\">188\u00e8me<\/span><\/strong> place au scratch (sur 251) en 1h14&rsquo;52 et se classe <span style=\"color: #1167b5;\"><strong>2\u00e8me master 6<\/strong><\/span> (18&rsquo;17 \/ 44&rsquo;06 \/ 10&rsquo;03).<\/p>\n<p><img loading=\"lazy\" decoding=\"async\" class=\"aligncenter  wp-image-4984\" src=\"http:\/\/petitssuissesnormands.ovh\/wp-content\/uploads\/2026\/04\/WhatsApp-Image-2026-04-13-at-09.51.07-1024x499.jpeg\" alt=\"\" width=\"818\" height=\"399\" srcset=\"http:\/\/petitssuissesnormands.ovh\/wp-content\/uploads\/2026\/04\/WhatsApp-Image-2026-04-13-at-09.51.07-1024x499.jpeg 1024w, http:\/\/petitssuissesnormands.ovh\/wp-content\/uploads\/2026\/04\/WhatsApp-Image-2026-04-13-at-09.51.07-300x146.jpeg 300w, http:\/\/petitssuissesnormands.ovh\/wp-content\/uploads\/2026\/04\/WhatsApp-Image-2026-04-13-at-09.51.07-768x375.jpeg 768w, http:\/\/petitssuissesnormands.ovh\/wp-content\/uploads\/2026\/04\/WhatsApp-Image-2026-04-13-at-09.51.07-1536x749.jpeg 1536w, http:\/\/petitssuissesnormands.ovh\/wp-content\/uploads\/2026\/04\/WhatsApp-Image-2026-04-13-at-09.51.07.jpeg 1800w\" sizes=\"auto, (max-width: 818px) 100vw, 818px\" \/><\/p>\n","protected":false},"excerpt":{"rendered":"<p>Deux Petits Suisses Normands \u00e9taient au d\u00e9part du Duathlon de la Suisse Normande, organis\u00e9 par les Tritons Cond\u00e9ens. Format XS (CAP 2,3 km \/ V\u00e9lo 9 km \/ CAP 1,4<\/p>\n","protected":false},"author":1,"featured_media":4957,"comment_status":"closed","ping_status":"closed","sticky":false,"template":"","format":"standard","meta":{"ngg_post_thumbnail":0,"footnotes":""},"categories":[110],"tags":[],"class_list":["post-4955","post","type-post","status-publish","format-standard","has-post-thumbnail","hentry","category-duathlon","comments-off"],"_links":{"self":[{"href":"http:\/\/petitssuissesnormands.ovh\/index.php\/wp-json\/wp\/v2\/posts\/4955","targetHints":{"allow":["GET"]}}],"collection":[{"href":"http:\/\/petitssuissesnormands.ovh\/index.php\/wp-json\/wp\/v2\/posts"}],"about":[{"href":"http:\/\/petitssuissesnormands.ovh\/index.php\/wp-json\/wp\/v2\/types\/post"}],"author":[{"embeddable":true,"href":"http:\/\/petitssuissesnormands.ovh\/index.php\/wp-json\/wp\/v2\/users\/1"}],"replies":[{"embeddable":true,"href":"http:\/\/petitssuissesnormands.ovh\/index.php\/wp-json\/wp\/v2\/comments?post=4955"}],"version-history":[{"count":3,"href":"http:\/\/petitssuissesnormands.ovh\/index.php\/wp-json\/wp\/v2\/posts\/4955\/revisions"}],"predecessor-version":[{"id":4986,"href":"http:\/\/petitssuissesnormands.ovh\/index.php\/wp-json\/wp\/v2\/posts\/4955\/revisions\/4986"}],"wp:featuredmedia":[{"embeddable":true,"href":"http:\/\/petitssuissesnormands.ovh\/index.php\/wp-json\/wp\/v2\/media\/4957"}],"wp:attachment":[{"href":"http:\/\/petitssuissesnormands.ovh\/index.php\/wp-json\/wp\/v2\/media?parent=4955"}],"wp:term":[{"taxonomy":"category","embeddable":true,"href":"http:\/\/petitssuissesnormands.ovh\/index.php\/wp-json\/wp\/v2\/categories?post=4955"},{"taxonomy":"post_tag","embeddable":true,"href":"http:\/\/petitssuissesnormands.ovh\/index.php\/wp-json\/wp\/v2\/tags?post=4955"}],"curies":[{"name":"wp","href":"https:\/\/api.w.org\/{rel}","templated":true}]}}