{"id":3005,"date":"2023-06-20T10:10:05","date_gmt":"2023-06-20T08:10:05","guid":{"rendered":"http:\/\/petitssuissesnormands.ovh\/?p=3005"},"modified":"2023-07-06T10:32:41","modified_gmt":"2023-07-06T08:32:41","slug":"la-barjo-2023","status":"publish","type":"post","link":"http:\/\/petitssuissesnormands.ovh\/index.php\/2023\/06\/20\/la-barjo-2023\/","title":{"rendered":"La Barjo &#8211; La Hague (50) &#8211; 17 et 18 juin 2023"},"content":{"rendered":"<p style=\"text-align: justify;\">Trois <strong>Petits Suisses Normands<\/strong> \u00e9taient engag\u00e9s sur la 13\u00e8me \u00e9dition du trail de <strong>la Barjo<\/strong>, dont tous les parcours arrivent \u00e0 la Hague (Manche). Le samedi, <span style=\"color: #1167b5;\"><strong>\u00c9lise<\/strong><\/span> termine <span style=\"color: #1167b5;\"><strong>324\u00e8me<\/strong><\/span> au scratch (698 class\u00e9s) et <span style=\"color: #1167b5;\"><strong>46\u00e8me f\u00e9minine<\/strong><\/span>&nbsp;sur le parcours \u00ab\u00a0<strong>Brin de Folie<\/strong>\u00a0\u00bb de <strong>26 km <\/strong>au bout de 3h35 de course.&nbsp;Le dimanche, <strong>Fred<\/strong> et <strong>Olivier<\/strong> ont pris le d\u00e9part de la \u00ab\u00a0<strong>Demi Barjo<\/strong>\u00ab\u00a0, une boucle de <strong>50 km<\/strong>. <strong><span style=\"color: #1167b5;\">Fred<\/span><\/strong> prend la <span style=\"color: #1167b5;\"><strong>181\u00e8me<\/strong><\/span> place au scratch (821 class\u00e9s) en 6h08. <strong><span style=\"color: #1167b5;\">Olivier<\/span><\/strong> (premi\u00e8re exp\u00e9rience sur ce format) est <span style=\"color: #1167b5;\"><strong>463\u00e8me<\/strong> <\/span>en 7h10.<\/p>\n<p><img loading=\"lazy\" decoding=\"async\" class=\"wp-image-3006 aligncenter\" src=\"http:\/\/petitssuissesnormands.ovh\/wp-content\/uploads\/2023\/07\/02_Parcours-Barjo-et-demi-Barjo-9-1-scaled-1.jpg\" alt=\"\" width=\"855\" height=\"481\" srcset=\"http:\/\/petitssuissesnormands.ovh\/wp-content\/uploads\/2023\/07\/02_Parcours-Barjo-et-demi-Barjo-9-1-scaled-1.jpg 2048w, http:\/\/petitssuissesnormands.ovh\/wp-content\/uploads\/2023\/07\/02_Parcours-Barjo-et-demi-Barjo-9-1-scaled-1-300x169.jpg 300w, http:\/\/petitssuissesnormands.ovh\/wp-content\/uploads\/2023\/07\/02_Parcours-Barjo-et-demi-Barjo-9-1-scaled-1-1024x576.jpg 1024w, http:\/\/petitssuissesnormands.ovh\/wp-content\/uploads\/2023\/07\/02_Parcours-Barjo-et-demi-Barjo-9-1-scaled-1-768x432.jpg 768w, http:\/\/petitssuissesnormands.ovh\/wp-content\/uploads\/2023\/07\/02_Parcours-Barjo-et-demi-Barjo-9-1-scaled-1-1536x864.jpg 1536w, http:\/\/petitssuissesnormands.ovh\/wp-content\/uploads\/2023\/07\/02_Parcours-Barjo-et-demi-Barjo-9-1-scaled-1-1360x765.jpg 1360w\" sizes=\"auto, (max-width: 855px) 100vw, 855px\" \/><\/p>\n","protected":false},"excerpt":{"rendered":"<p>Trois Petits Suisses Normands \u00e9taient engag\u00e9s sur la 13\u00e8me \u00e9dition du trail de la Barjo, dont tous les parcours arrivent \u00e0 la Hague (Manche). Le samedi, \u00c9lise termine 324\u00e8me au<\/p>\n","protected":false},"author":1,"featured_media":3007,"comment_status":"closed","ping_status":"closed","sticky":false,"template":"","format":"standard","meta":{"ngg_post_thumbnail":0,"footnotes":""},"categories":[26,29],"tags":[167,14,35],"class_list":["post-3005","post","type-post","status-publish","format-standard","has-post-thumbnail","hentry","category-course-a-pied","category-trail-course-a-pied","tag-barjo","tag-psn","tag-trail","comments-off"],"_links":{"self":[{"href":"http:\/\/petitssuissesnormands.ovh\/index.php\/wp-json\/wp\/v2\/posts\/3005","targetHints":{"allow":["GET"]}}],"collection":[{"href":"http:\/\/petitssuissesnormands.ovh\/index.php\/wp-json\/wp\/v2\/posts"}],"about":[{"href":"http:\/\/petitssuissesnormands.ovh\/index.php\/wp-json\/wp\/v2\/types\/post"}],"author":[{"embeddable":true,"href":"http:\/\/petitssuissesnormands.ovh\/index.php\/wp-json\/wp\/v2\/users\/1"}],"replies":[{"embeddable":true,"href":"http:\/\/petitssuissesnormands.ovh\/index.php\/wp-json\/wp\/v2\/comments?post=3005"}],"version-history":[{"count":1,"href":"http:\/\/petitssuissesnormands.ovh\/index.php\/wp-json\/wp\/v2\/posts\/3005\/revisions"}],"predecessor-version":[{"id":3008,"href":"http:\/\/petitssuissesnormands.ovh\/index.php\/wp-json\/wp\/v2\/posts\/3005\/revisions\/3008"}],"wp:featuredmedia":[{"embeddable":true,"href":"http:\/\/petitssuissesnormands.ovh\/index.php\/wp-json\/wp\/v2\/media\/3007"}],"wp:attachment":[{"href":"http:\/\/petitssuissesnormands.ovh\/index.php\/wp-json\/wp\/v2\/media?parent=3005"}],"wp:term":[{"taxonomy":"category","embeddable":true,"href":"http:\/\/petitssuissesnormands.ovh\/index.php\/wp-json\/wp\/v2\/categories?post=3005"},{"taxonomy":"post_tag","embeddable":true,"href":"http:\/\/petitssuissesnormands.ovh\/index.php\/wp-json\/wp\/v2\/tags?post=3005"}],"curies":[{"name":"wp","href":"https:\/\/api.w.org\/{rel}","templated":true}]}}