{"id":2957,"date":"2023-06-05T16:27:33","date_gmt":"2023-06-05T14:27:33","guid":{"rendered":"http:\/\/petitssuissesnormands.ovh\/?p=2957"},"modified":"2023-06-22T16:36:15","modified_gmt":"2023-06-22T14:36:15","slug":"trail-ecouves-2023","status":"publish","type":"post","link":"http:\/\/petitssuissesnormands.ovh\/index.php\/2023\/06\/05\/trail-ecouves-2023\/","title":{"rendered":"Trail d&rsquo;\u00c9couves &#8211; Radon (61) &#8211; Dimanche 4 juin 2023"},"content":{"rendered":"<p>Trois <strong>Petits Suisses Normands<\/strong> \u00e9taient au d\u00e9part de ce 21\u00e8me<strong> Trail d&rsquo;\u00c9couves<\/strong>. Ils \u00e9taient tous engag\u00e9s&nbsp;sur le format<strong> 35 km<\/strong>, trac\u00e9 \u00e0 100 % en for\u00eat.&nbsp;<span style=\"color: #1167b5;\"><strong>J\u00e9r\u00f4me<\/strong><\/span> prend la <span style=\"color: #1167b5;\"><strong>95\u00e8me<\/strong><\/span> place en 4h49 (<span style=\"color: #1167b5;\"><strong>15\u00e8me M2<\/strong><\/span>), <span style=\"color: #1167b5;\"><strong>Thierry<\/strong><\/span> la <span style=\"color: #1167b5;\"><strong>117\u00e8me<\/strong><\/span> place en 5h00 (<span style=\"color: #1167b5;\"><strong>4\u00e8me M5<\/strong><\/span>) et <span style=\"color: #1167b5;\"><strong>Estelle<\/strong><\/span> la<span style=\"color: #1167b5;\"><strong> 187\u00e8me<\/strong> <\/span>place en 5h51 (<strong><span style=\"color: #1167b5;\">2\u00e8me M2<\/span><\/strong>).<\/p>\n<p><img loading=\"lazy\" decoding=\"async\" class=\"size-full wp-image-2959 aligncenter\" src=\"http:\/\/petitssuissesnormands.ovh\/wp-content\/uploads\/2023\/06\/352348043_1996991613966855_3582027311818697471_n.jpg\" alt=\"\" width=\"431\" height=\"544\" srcset=\"http:\/\/petitssuissesnormands.ovh\/wp-content\/uploads\/2023\/06\/352348043_1996991613966855_3582027311818697471_n.jpg 431w, http:\/\/petitssuissesnormands.ovh\/wp-content\/uploads\/2023\/06\/352348043_1996991613966855_3582027311818697471_n-238x300.jpg 238w\" sizes=\"auto, (max-width: 431px) 100vw, 431px\" \/><\/p>\n","protected":false},"excerpt":{"rendered":"<p>Trois Petits Suisses Normands \u00e9taient au d\u00e9part de ce 21\u00e8me Trail d&rsquo;\u00c9couves. Ils \u00e9taient tous engag\u00e9s&nbsp;sur le format 35 km, trac\u00e9 \u00e0 100 % en for\u00eat.&nbsp;J\u00e9r\u00f4me prend la 95\u00e8me place<\/p>\n","protected":false},"author":1,"featured_media":2958,"comment_status":"closed","ping_status":"closed","sticky":false,"template":"","format":"standard","meta":{"ngg_post_thumbnail":0,"footnotes":""},"categories":[29],"tags":[55,14,35],"class_list":["post-2957","post","type-post","status-publish","format-standard","has-post-thumbnail","hentry","category-trail-course-a-pied","tag-ecouves","tag-psn","tag-trail","comments-off"],"_links":{"self":[{"href":"http:\/\/petitssuissesnormands.ovh\/index.php\/wp-json\/wp\/v2\/posts\/2957","targetHints":{"allow":["GET"]}}],"collection":[{"href":"http:\/\/petitssuissesnormands.ovh\/index.php\/wp-json\/wp\/v2\/posts"}],"about":[{"href":"http:\/\/petitssuissesnormands.ovh\/index.php\/wp-json\/wp\/v2\/types\/post"}],"author":[{"embeddable":true,"href":"http:\/\/petitssuissesnormands.ovh\/index.php\/wp-json\/wp\/v2\/users\/1"}],"replies":[{"embeddable":true,"href":"http:\/\/petitssuissesnormands.ovh\/index.php\/wp-json\/wp\/v2\/comments?post=2957"}],"version-history":[{"count":1,"href":"http:\/\/petitssuissesnormands.ovh\/index.php\/wp-json\/wp\/v2\/posts\/2957\/revisions"}],"predecessor-version":[{"id":2960,"href":"http:\/\/petitssuissesnormands.ovh\/index.php\/wp-json\/wp\/v2\/posts\/2957\/revisions\/2960"}],"wp:featuredmedia":[{"embeddable":true,"href":"http:\/\/petitssuissesnormands.ovh\/index.php\/wp-json\/wp\/v2\/media\/2958"}],"wp:attachment":[{"href":"http:\/\/petitssuissesnormands.ovh\/index.php\/wp-json\/wp\/v2\/media?parent=2957"}],"wp:term":[{"taxonomy":"category","embeddable":true,"href":"http:\/\/petitssuissesnormands.ovh\/index.php\/wp-json\/wp\/v2\/categories?post=2957"},{"taxonomy":"post_tag","embeddable":true,"href":"http:\/\/petitssuissesnormands.ovh\/index.php\/wp-json\/wp\/v2\/tags?post=2957"}],"curies":[{"name":"wp","href":"https:\/\/api.w.org\/{rel}","templated":true}]}}