{"id":262,"date":"2019-10-21T21:32:38","date_gmt":"2019-10-21T19:32:38","guid":{"rendered":"http:\/\/pdwpwzx.cluster028.hosting.ovh.net\/?p=262"},"modified":"2019-10-22T11:13:50","modified_gmt":"2019-10-22T09:13:50","slug":"trail-de-la-roche-doetre-saint-philbert-sur-orne-61-19-20-octobre","status":"publish","type":"post","link":"http:\/\/petitssuissesnormands.ovh\/index.php\/2019\/10\/21\/trail-de-la-roche-doetre-saint-philbert-sur-orne-61-19-20-octobre\/","title":{"rendered":"Trail de la Roche d&rsquo;O\u00ebtre &#8211; Saint Philbert sur Orne (61) &#8211; 19\/20 Octobre"},"content":{"rendered":"<p style=\"text-align: justify;\"><span style=\"font-family: Alegreya;\">Traditionnel rendez-vous de l&rsquo;automne en Suisse Normande, le <strong>Trail de la Roche d&rsquo;O\u00ebtre<\/strong> s&rsquo;est d\u00e9roul\u00e9 les 19 et 20 octobre. Un programme de plus en plus cons\u00e9quent d&rsquo;ann\u00e9es en ann\u00e9es, avec cette ann\u00e9e la mise en place d&rsquo;un<strong> trail nocturne<\/strong>&nbsp;de 17 km et de <strong>deux d\u00e9fis<\/strong> (17 km + 30 km \/ 17 km + 12 km). Et toujours les habituels trails de 5 km, 12 km, 17 km, 30 km et 85 km le dimanche, ainsi que des courses enfants, des randos p\u00e9destres et des randos VTT le samedi apr\u00e8s-midi. Comme chaque ann\u00e9e, les <strong>Petits Suisses Normands<\/strong> ont r\u00e9pondu pr\u00e9sent pour cet \u00e9v\u00e9nement \u00ab\u00a0\u00e0 domicile\u00a0\u00bb.<\/span><\/p>\n<p><span style=\"font-family: Alegreya;\">Mention sp\u00e9ciale \u00e0 <strong>Marius<\/strong> qui remporte le trail de 5 km (1er sur 143, avec un tr\u00e8s gros sprint pour l&#8217;emporter), alors qu&rsquo;il n&rsquo;a que 13 ans et \u00e0 son fr\u00e8re <strong>Gaspard<\/strong>, 9\u00e8me \u00e0 seulement 11 ans. Bravo les frangins !<\/span><\/p>\n<p><span style=\"font-family: Alegreya;\"><span style=\"text-decoration: underline;\"><strong>Parcours de 17 km nocturne<\/strong><\/span> (135 class\u00e9s) :&nbsp; &nbsp;<br \/>\n<strong>&nbsp; &nbsp; \u2192&nbsp; <span style=\"color: #30a60a;\">Thibaut R<\/span><\/strong>&nbsp;:<strong> 6\u00e8me<\/strong> place au scratch et <strong>5\u00e8me du Grand D\u00e9fi<\/strong> en 1h26&rsquo;15&nbsp;<br \/>\n<strong>&nbsp; &nbsp; \u2192&nbsp; <span style=\"color: #30a60a;\">Manu B<\/span><\/strong>&nbsp;:<strong> 15\u00e8me<\/strong> place au scratch et <strong>10\u00e8me du Grand D\u00e9fi<\/strong> en 1h33&rsquo;30&nbsp;<br \/>\n<strong>&nbsp; &nbsp; \u2192&nbsp; <span style=\"color: #30a60a;\">Dominique F<\/span><\/strong>&nbsp;:<strong> 20\u00e8me<\/strong> place au scratch et <strong>14\u00e8me du Grand D\u00e9fi<\/strong> en 1h34&rsquo;10&nbsp;<\/span><\/p>\n<p><span style=\"font-family: Alegreya;\"><span style=\"text-decoration: underline;\"><strong>Parcours de 30 km<\/strong><\/span> (347 class\u00e9s) :&nbsp; &nbsp;<br \/>\n<strong>&nbsp; &nbsp; \u2192&nbsp; <span style=\"color: #30a60a;\">Thibaut R<\/span><\/strong>&nbsp;:<strong> 31\u00e8me<\/strong> place au scratch et <strong>6\u00e8me du Grand D\u00e9fi<\/strong> en 2h57&rsquo;28&nbsp;<br \/>\n<strong>&nbsp; &nbsp; \u2192&nbsp; <span style=\"color: #30a60a;\">Fr\u00e9d\u00e9ric T<\/span><\/strong>&nbsp;:<strong> 59\u00e8me<\/strong> place au scratch et 47\u00e8me du 30 km en 3h05&rsquo;26&nbsp;<br \/>\n<strong>&nbsp; &nbsp; \u2192&nbsp; <span style=\"color: #30a60a;\">Benjamin T<\/span><\/strong>&nbsp;:<strong> 60\u00e8me<\/strong> place au scratch et 48\u00e8me du 30 km en 3h05&rsquo;27&nbsp;<br \/>\n<strong>&nbsp; &nbsp; \u2192&nbsp; <span style=\"color: #30a60a;\">Dominique F<\/span><\/strong>&nbsp;:<strong> 82\u00e8me<\/strong> place au scratch et <strong>14\u00e8me du Grand D\u00e9fi<\/strong> en 3h10&rsquo;17<br \/>\n<strong>&nbsp; &nbsp; \u2192&nbsp; <span style=\"color: #30a60a;\">Manu B<\/span><\/strong>&nbsp;:<strong> 177\u00e8me<\/strong> place au scratch et <strong>20\u00e8me du Grand D\u00e9fi<\/strong> en 3h33&rsquo;42&nbsp;<br \/>\n<strong>&nbsp; &nbsp; \u2192&nbsp; <span style=\"color: #30a60a;\">Thierry H<\/span><\/strong>&nbsp;:<strong> 178\u00e8me<\/strong> place au scratch et 158\u00e8me du 30 km en 3h33&rsquo;42&nbsp;<br \/>\n<strong>&nbsp; &nbsp; \u2192&nbsp; <span style=\"color: #30a60a;\">Sophie L-B<\/span><\/strong>&nbsp;:<strong> 238\u00e8me<\/strong> place au scratch et 209\u00e8me du 30 km en 3h49&rsquo;22&nbsp;<br \/>\n<\/span><\/p>\n<p><span style=\"font-family: Alegreya;\"><span style=\"text-decoration: underline;\"><strong>CLASSEMENT G\u00c9N\u00c9RAL GRAND D\u00c9FI 47 KM<\/strong><\/span> (41 class\u00e9s) :&nbsp; &nbsp;<br \/>\n<strong>&nbsp; &nbsp; \u2192&nbsp; <span style=\"color: #30a60a;\">Thibaut R<\/span><\/strong>&nbsp;:<strong> 5\u00e8me<\/strong> place en 4h23&rsquo;44 et<strong> 3\u00e8me senior<\/strong><br \/>\n<strong>&nbsp; &nbsp; \u2192&nbsp; <span style=\"color: #30a60a;\">Dominique F<\/span><\/strong>&nbsp;:<strong> 13\u00e8me<\/strong> place en 4h44&rsquo;27 et 4\u00e8me v\u00e9t\u00e9ran 1<br \/>\n<strong>&nbsp; &nbsp; \u2192&nbsp; <span style=\"color: #30a60a;\">Manu B<\/span><\/strong>&nbsp;:<strong> 17\u00e8me<\/strong> place en 5h07&rsquo;12 et 6\u00e8me v\u00e9t\u00e9ran 1<\/span><\/p>\n<p><span style=\"font-family: Alegreya;\"><span style=\"text-decoration: underline;\"><strong>Parcours de 17 km<\/strong><\/span> (416 class\u00e9s) :&nbsp; &nbsp;<br \/>\n<strong>&nbsp; &nbsp; \u2192&nbsp; <span style=\"color: #30a60a;\">J\u00e9r\u00f4me C<\/span><\/strong>&nbsp;:<strong> 220\u00e8me<\/strong> place au scratch en 1h53&rsquo;37&nbsp;<br \/>\n<strong>&nbsp; &nbsp; \u2192&nbsp; <span style=\"color: #30a60a;\">Am\u00e9lie G<\/span><\/strong>&nbsp;:<strong> 224\u00e8me<\/strong> place au scratch en 1h54&rsquo;18&nbsp;<br \/>\n<strong>&nbsp; &nbsp; \u2192&nbsp; <span style=\"color: #30a60a;\">\u00c9lise J<\/span><\/strong>&nbsp;:<strong> 285\u00e8me<\/strong> place au scratch en 2h00&rsquo;29<\/span><\/p>\n<p><span style=\"font-family: Alegreya;\"><span style=\"text-decoration: underline;\"><strong>Parcours de 5 km<\/strong><\/span> (143 class\u00e9s) :&nbsp; &nbsp;<br \/>\n<strong>&nbsp; &nbsp; \u2192&nbsp; <span style=\"color: #30a60a;\">Marius F<\/span><\/strong>&nbsp;:<strong> 1\u00e8re<\/strong> place au scratch en 20&rsquo;52 et <strong>1er benjamin<\/strong><br \/>\n<strong>&nbsp; &nbsp; \u2192&nbsp; <span style=\"color: #30a60a;\">Gaspard F<\/span><\/strong>&nbsp;:<strong> 9\u00e8me<\/strong> place au scratch en 23&rsquo;05 et <strong>1er poussin<\/strong>&nbsp;<br \/>\n<strong>&nbsp; &nbsp; \u2192&nbsp; <span style=\"color: #30a60a;\">Manolo L<\/span><\/strong>&nbsp;:<strong> 26\u00e8me<\/strong> place au scratch en 26&rsquo;13 et 13\u00e8me minime<br \/>\n<strong>&nbsp; &nbsp; \u2192&nbsp; <span style=\"color: #30a60a;\">Tom B<\/span><\/strong>&nbsp;:<strong> 33\u00e8me<\/strong> place au scratch en 27&rsquo;29 et <strong>2\u00e8me benjamin<\/strong><br \/>\n<\/span><\/p>\n<!-- default-view.php -->\n<div\n\tclass=\"ngg-galleryoverview default-view \"\n\tid=\"ngg-gallery-03cd0010544e1615a4145b5e86d84386-1\">\n\n\t\t<!-- Thumbnails -->\n\t\t\t\t<div id=\"ngg-image-0\" class=\"ngg-gallery-thumbnail-box ngg-4-columns\" >\n\t\t\t\t        <div class=\"ngg-gallery-thumbnail\">\n            <a href=\"http:\/\/petitssuissesnormands.ovh\/wp-content\/gallery\/trail-de-la-roche-doetre-2019\/ro15.jpg\"\n               title=\"\"\n               data-src=\"http:\/\/petitssuissesnormands.ovh\/wp-content\/gallery\/trail-de-la-roche-doetre-2019\/ro15.jpg\"\n               data-thumbnail=\"http:\/\/petitssuissesnormands.ovh\/wp-content\/gallery\/trail-de-la-roche-doetre-2019\/thumbs\/thumbs_ro15.jpg\"\n               data-image-id=\"76\"\n               data-title=\"...\"\n               data-description=\"\"\n               data-image-slug=\"ro15\"\n               class='use_imagebrowser_effect' data-imagebrowser-url='http:\/\/petitssuissesnormands.ovh\/index.php\/2019\/10\/21\/trail-de-la-roche-doetre-saint-philbert-sur-orne-61-19-20-octobre\/nggallery\/image\/%STUB%'>\n                <img\n                    title=\"...\"\n                    alt=\"...\"\n                    src=\"http:\/\/petitssuissesnormands.ovh\/wp-content\/gallery\/trail-de-la-roche-doetre-2019\/thumbs\/thumbs_ro15.jpg\"\n                    width=\"240\"\n                    height=\"160\"\n                    style=\"max-width:100%;\"\n                \/>\n            <\/a>\n        <\/div>\n\t\t\t\t\t\t\t<\/div> \n\t\t\t\n\t\t\t\t<div id=\"ngg-image-1\" class=\"ngg-gallery-thumbnail-box ngg-4-columns\" >\n\t\t\t\t        <div class=\"ngg-gallery-thumbnail\">\n            <a href=\"http:\/\/petitssuissesnormands.ovh\/wp-content\/gallery\/trail-de-la-roche-doetre-2019\/ro14.jpg\"\n               title=\"\"\n               data-src=\"http:\/\/petitssuissesnormands.ovh\/wp-content\/gallery\/trail-de-la-roche-doetre-2019\/ro14.jpg\"\n               data-thumbnail=\"http:\/\/petitssuissesnormands.ovh\/wp-content\/gallery\/trail-de-la-roche-doetre-2019\/thumbs\/thumbs_ro14.jpg\"\n               data-image-id=\"77\"\n               data-title=\"...\"\n               data-description=\"\"\n               data-image-slug=\"ro14\"\n               class='use_imagebrowser_effect' data-imagebrowser-url='http:\/\/petitssuissesnormands.ovh\/index.php\/2019\/10\/21\/trail-de-la-roche-doetre-saint-philbert-sur-orne-61-19-20-octobre\/nggallery\/image\/%STUB%'>\n                <img\n                    title=\"...\"\n                    alt=\"...\"\n                    src=\"http:\/\/petitssuissesnormands.ovh\/wp-content\/gallery\/trail-de-la-roche-doetre-2019\/thumbs\/thumbs_ro14.jpg\"\n                    width=\"240\"\n                    height=\"160\"\n                    style=\"max-width:100%;\"\n                \/>\n            <\/a>\n        <\/div>\n\t\t\t\t\t\t\t<\/div> \n\t\t\t\n\t\t\t\t<div id=\"ngg-image-2\" class=\"ngg-gallery-thumbnail-box ngg-4-columns\" >\n\t\t\t\t        <div class=\"ngg-gallery-thumbnail\">\n            <a href=\"http:\/\/petitssuissesnormands.ovh\/wp-content\/gallery\/trail-de-la-roche-doetre-2019\/ro13.jpg\"\n               title=\"\"\n               data-src=\"http:\/\/petitssuissesnormands.ovh\/wp-content\/gallery\/trail-de-la-roche-doetre-2019\/ro13.jpg\"\n               data-thumbnail=\"http:\/\/petitssuissesnormands.ovh\/wp-content\/gallery\/trail-de-la-roche-doetre-2019\/thumbs\/thumbs_ro13.jpg\"\n               data-image-id=\"78\"\n               data-title=\"...\"\n               data-description=\"\"\n               data-image-slug=\"ro13\"\n               class='use_imagebrowser_effect' data-imagebrowser-url='http:\/\/petitssuissesnormands.ovh\/index.php\/2019\/10\/21\/trail-de-la-roche-doetre-saint-philbert-sur-orne-61-19-20-octobre\/nggallery\/image\/%STUB%'>\n                <img\n                    title=\"...\"\n                    alt=\"...\"\n                    src=\"http:\/\/petitssuissesnormands.ovh\/wp-content\/gallery\/trail-de-la-roche-doetre-2019\/thumbs\/thumbs_ro13.jpg\"\n                    width=\"240\"\n                    height=\"160\"\n                    style=\"max-width:100%;\"\n                \/>\n            <\/a>\n        <\/div>\n\t\t\t\t\t\t\t<\/div> \n\t\t\t\n\t\t\t\t<div id=\"ngg-image-3\" class=\"ngg-gallery-thumbnail-box ngg-4-columns\" >\n\t\t\t\t        <div class=\"ngg-gallery-thumbnail\">\n            <a href=\"http:\/\/petitssuissesnormands.ovh\/wp-content\/gallery\/trail-de-la-roche-doetre-2019\/ro12.jpg\"\n               title=\"\"\n               data-src=\"http:\/\/petitssuissesnormands.ovh\/wp-content\/gallery\/trail-de-la-roche-doetre-2019\/ro12.jpg\"\n               data-thumbnail=\"http:\/\/petitssuissesnormands.ovh\/wp-content\/gallery\/trail-de-la-roche-doetre-2019\/thumbs\/thumbs_ro12.jpg\"\n               data-image-id=\"79\"\n               data-title=\"...\"\n               data-description=\"\"\n               data-image-slug=\"ro12\"\n               class='use_imagebrowser_effect' data-imagebrowser-url='http:\/\/petitssuissesnormands.ovh\/index.php\/2019\/10\/21\/trail-de-la-roche-doetre-saint-philbert-sur-orne-61-19-20-octobre\/nggallery\/image\/%STUB%'>\n                <img\n                    title=\"...\"\n                    alt=\"...\"\n                    src=\"http:\/\/petitssuissesnormands.ovh\/wp-content\/gallery\/trail-de-la-roche-doetre-2019\/thumbs\/thumbs_ro12.jpg\"\n                    width=\"240\"\n                    height=\"160\"\n                    style=\"max-width:100%;\"\n                \/>\n            <\/a>\n        <\/div>\n\t\t\t\t\t\t\t<\/div> \n\t\t\t\n\t\t\t\t<div id=\"ngg-image-4\" class=\"ngg-gallery-thumbnail-box ngg-4-columns\" >\n\t\t\t\t        <div class=\"ngg-gallery-thumbnail\">\n            <a href=\"http:\/\/petitssuissesnormands.ovh\/wp-content\/gallery\/trail-de-la-roche-doetre-2019\/ro11.jpg\"\n               title=\"\"\n               data-src=\"http:\/\/petitssuissesnormands.ovh\/wp-content\/gallery\/trail-de-la-roche-doetre-2019\/ro11.jpg\"\n               data-thumbnail=\"http:\/\/petitssuissesnormands.ovh\/wp-content\/gallery\/trail-de-la-roche-doetre-2019\/thumbs\/thumbs_ro11.jpg\"\n               data-image-id=\"80\"\n               data-title=\"...\"\n               data-description=\"\"\n               data-image-slug=\"ro11\"\n               class='use_imagebrowser_effect' data-imagebrowser-url='http:\/\/petitssuissesnormands.ovh\/index.php\/2019\/10\/21\/trail-de-la-roche-doetre-saint-philbert-sur-orne-61-19-20-octobre\/nggallery\/image\/%STUB%'>\n                <img\n                    title=\"...\"\n                    alt=\"...\"\n                    src=\"http:\/\/petitssuissesnormands.ovh\/wp-content\/gallery\/trail-de-la-roche-doetre-2019\/thumbs\/thumbs_ro11.jpg\"\n                    width=\"240\"\n                    height=\"160\"\n                    style=\"max-width:100%;\"\n                \/>\n            <\/a>\n        <\/div>\n\t\t\t\t\t\t\t<\/div> \n\t\t\t\n\t\t\t\t<div id=\"ngg-image-5\" class=\"ngg-gallery-thumbnail-box ngg-4-columns\" >\n\t\t\t\t        <div class=\"ngg-gallery-thumbnail\">\n            <a href=\"http:\/\/petitssuissesnormands.ovh\/wp-content\/gallery\/trail-de-la-roche-doetre-2019\/ro10.jpg\"\n               title=\"\"\n               data-src=\"http:\/\/petitssuissesnormands.ovh\/wp-content\/gallery\/trail-de-la-roche-doetre-2019\/ro10.jpg\"\n               data-thumbnail=\"http:\/\/petitssuissesnormands.ovh\/wp-content\/gallery\/trail-de-la-roche-doetre-2019\/thumbs\/thumbs_ro10.jpg\"\n               data-image-id=\"81\"\n               data-title=\"...\"\n               data-description=\"\"\n               data-image-slug=\"ro10\"\n               class='use_imagebrowser_effect' data-imagebrowser-url='http:\/\/petitssuissesnormands.ovh\/index.php\/2019\/10\/21\/trail-de-la-roche-doetre-saint-philbert-sur-orne-61-19-20-octobre\/nggallery\/image\/%STUB%'>\n                <img\n                    title=\"...\"\n                    alt=\"...\"\n                    src=\"http:\/\/petitssuissesnormands.ovh\/wp-content\/gallery\/trail-de-la-roche-doetre-2019\/thumbs\/thumbs_ro10.jpg\"\n                    width=\"240\"\n                    height=\"160\"\n                    style=\"max-width:100%;\"\n                \/>\n            <\/a>\n        <\/div>\n\t\t\t\t\t\t\t<\/div> \n\t\t\t\n\t\t\t\t<div id=\"ngg-image-6\" class=\"ngg-gallery-thumbnail-box ngg-4-columns\" >\n\t\t\t\t        <div class=\"ngg-gallery-thumbnail\">\n            <a href=\"http:\/\/petitssuissesnormands.ovh\/wp-content\/gallery\/trail-de-la-roche-doetre-2019\/ro09.jpg\"\n               title=\"\"\n               data-src=\"http:\/\/petitssuissesnormands.ovh\/wp-content\/gallery\/trail-de-la-roche-doetre-2019\/ro09.jpg\"\n               data-thumbnail=\"http:\/\/petitssuissesnormands.ovh\/wp-content\/gallery\/trail-de-la-roche-doetre-2019\/thumbs\/thumbs_ro09.jpg\"\n               data-image-id=\"82\"\n               data-title=\"...\"\n               data-description=\"\"\n               data-image-slug=\"ro09\"\n               class='use_imagebrowser_effect' data-imagebrowser-url='http:\/\/petitssuissesnormands.ovh\/index.php\/2019\/10\/21\/trail-de-la-roche-doetre-saint-philbert-sur-orne-61-19-20-octobre\/nggallery\/image\/%STUB%'>\n                <img\n                    title=\"...\"\n                    alt=\"...\"\n                    src=\"http:\/\/petitssuissesnormands.ovh\/wp-content\/gallery\/trail-de-la-roche-doetre-2019\/thumbs\/thumbs_ro09.jpg\"\n                    width=\"240\"\n                    height=\"160\"\n                    style=\"max-width:100%;\"\n                \/>\n            <\/a>\n        <\/div>\n\t\t\t\t\t\t\t<\/div> \n\t\t\t\n\t\t\t\t<div id=\"ngg-image-7\" class=\"ngg-gallery-thumbnail-box ngg-4-columns\" >\n\t\t\t\t        <div class=\"ngg-gallery-thumbnail\">\n            <a href=\"http:\/\/petitssuissesnormands.ovh\/wp-content\/gallery\/trail-de-la-roche-doetre-2019\/ro08.jpg\"\n               title=\"\"\n               data-src=\"http:\/\/petitssuissesnormands.ovh\/wp-content\/gallery\/trail-de-la-roche-doetre-2019\/ro08.jpg\"\n               data-thumbnail=\"http:\/\/petitssuissesnormands.ovh\/wp-content\/gallery\/trail-de-la-roche-doetre-2019\/thumbs\/thumbs_ro08.jpg\"\n               data-image-id=\"83\"\n               data-title=\"...\"\n               data-description=\"\"\n               data-image-slug=\"ro08\"\n               class='use_imagebrowser_effect' data-imagebrowser-url='http:\/\/petitssuissesnormands.ovh\/index.php\/2019\/10\/21\/trail-de-la-roche-doetre-saint-philbert-sur-orne-61-19-20-octobre\/nggallery\/image\/%STUB%'>\n                <img\n                    title=\"...\"\n                    alt=\"...\"\n                    src=\"http:\/\/petitssuissesnormands.ovh\/wp-content\/gallery\/trail-de-la-roche-doetre-2019\/thumbs\/thumbs_ro08.jpg\"\n                    width=\"240\"\n                    height=\"160\"\n                    style=\"max-width:100%;\"\n                \/>\n            <\/a>\n        <\/div>\n\t\t\t\t\t\t\t<\/div> \n\t\t\t\n\t\t\t\t<div id=\"ngg-image-8\" class=\"ngg-gallery-thumbnail-box ngg-4-columns\" >\n\t\t\t\t        <div class=\"ngg-gallery-thumbnail\">\n            <a href=\"http:\/\/petitssuissesnormands.ovh\/wp-content\/gallery\/trail-de-la-roche-doetre-2019\/ro07.jpg\"\n               title=\"\"\n               data-src=\"http:\/\/petitssuissesnormands.ovh\/wp-content\/gallery\/trail-de-la-roche-doetre-2019\/ro07.jpg\"\n               data-thumbnail=\"http:\/\/petitssuissesnormands.ovh\/wp-content\/gallery\/trail-de-la-roche-doetre-2019\/thumbs\/thumbs_ro07.jpg\"\n               data-image-id=\"84\"\n               data-title=\"...\"\n               data-description=\"\"\n               data-image-slug=\"ro07\"\n               class='use_imagebrowser_effect' data-imagebrowser-url='http:\/\/petitssuissesnormands.ovh\/index.php\/2019\/10\/21\/trail-de-la-roche-doetre-saint-philbert-sur-orne-61-19-20-octobre\/nggallery\/image\/%STUB%'>\n                <img\n                    title=\"...\"\n                    alt=\"...\"\n                    src=\"http:\/\/petitssuissesnormands.ovh\/wp-content\/gallery\/trail-de-la-roche-doetre-2019\/thumbs\/thumbs_ro07.jpg\"\n                    width=\"240\"\n                    height=\"160\"\n                    style=\"max-width:100%;\"\n                \/>\n            <\/a>\n        <\/div>\n\t\t\t\t\t\t\t<\/div> \n\t\t\t\n\t\t\t\t<div id=\"ngg-image-9\" class=\"ngg-gallery-thumbnail-box ngg-4-columns\" >\n\t\t\t\t        <div class=\"ngg-gallery-thumbnail\">\n            <a href=\"http:\/\/petitssuissesnormands.ovh\/wp-content\/gallery\/trail-de-la-roche-doetre-2019\/ro06.jpg\"\n               title=\"\"\n               data-src=\"http:\/\/petitssuissesnormands.ovh\/wp-content\/gallery\/trail-de-la-roche-doetre-2019\/ro06.jpg\"\n               data-thumbnail=\"http:\/\/petitssuissesnormands.ovh\/wp-content\/gallery\/trail-de-la-roche-doetre-2019\/thumbs\/thumbs_ro06.jpg\"\n               data-image-id=\"85\"\n               data-title=\"...\"\n               data-description=\"\"\n               data-image-slug=\"ro06\"\n               class='use_imagebrowser_effect' data-imagebrowser-url='http:\/\/petitssuissesnormands.ovh\/index.php\/2019\/10\/21\/trail-de-la-roche-doetre-saint-philbert-sur-orne-61-19-20-octobre\/nggallery\/image\/%STUB%'>\n                <img\n                    title=\"...\"\n                    alt=\"...\"\n                    src=\"http:\/\/petitssuissesnormands.ovh\/wp-content\/gallery\/trail-de-la-roche-doetre-2019\/thumbs\/thumbs_ro06.jpg\"\n                    width=\"240\"\n                    height=\"160\"\n                    style=\"max-width:100%;\"\n                \/>\n            <\/a>\n        <\/div>\n\t\t\t\t\t\t\t<\/div> \n\t\t\t\n\t\t\t\t<div id=\"ngg-image-10\" class=\"ngg-gallery-thumbnail-box ngg-4-columns\" >\n\t\t\t\t        <div class=\"ngg-gallery-thumbnail\">\n            <a href=\"http:\/\/petitssuissesnormands.ovh\/wp-content\/gallery\/trail-de-la-roche-doetre-2019\/ro05.jpg\"\n               title=\"\"\n               data-src=\"http:\/\/petitssuissesnormands.ovh\/wp-content\/gallery\/trail-de-la-roche-doetre-2019\/ro05.jpg\"\n               data-thumbnail=\"http:\/\/petitssuissesnormands.ovh\/wp-content\/gallery\/trail-de-la-roche-doetre-2019\/thumbs\/thumbs_ro05.jpg\"\n               data-image-id=\"86\"\n               data-title=\"...\"\n               data-description=\"\"\n               data-image-slug=\"ro05\"\n               class='use_imagebrowser_effect' data-imagebrowser-url='http:\/\/petitssuissesnormands.ovh\/index.php\/2019\/10\/21\/trail-de-la-roche-doetre-saint-philbert-sur-orne-61-19-20-octobre\/nggallery\/image\/%STUB%'>\n                <img\n                    title=\"...\"\n                    alt=\"...\"\n                    src=\"http:\/\/petitssuissesnormands.ovh\/wp-content\/gallery\/trail-de-la-roche-doetre-2019\/thumbs\/thumbs_ro05.jpg\"\n                    width=\"240\"\n                    height=\"160\"\n                    style=\"max-width:100%;\"\n                \/>\n            <\/a>\n        <\/div>\n\t\t\t\t\t\t\t<\/div> \n\t\t\t\n\t\t\t\t<div id=\"ngg-image-11\" class=\"ngg-gallery-thumbnail-box ngg-4-columns\" >\n\t\t\t\t        <div class=\"ngg-gallery-thumbnail\">\n            <a href=\"http:\/\/petitssuissesnormands.ovh\/wp-content\/gallery\/trail-de-la-roche-doetre-2019\/ro04.jpg\"\n               title=\"\"\n               data-src=\"http:\/\/petitssuissesnormands.ovh\/wp-content\/gallery\/trail-de-la-roche-doetre-2019\/ro04.jpg\"\n               data-thumbnail=\"http:\/\/petitssuissesnormands.ovh\/wp-content\/gallery\/trail-de-la-roche-doetre-2019\/thumbs\/thumbs_ro04.jpg\"\n               data-image-id=\"87\"\n               data-title=\"...\"\n               data-description=\"\"\n               data-image-slug=\"ro04\"\n               class='use_imagebrowser_effect' data-imagebrowser-url='http:\/\/petitssuissesnormands.ovh\/index.php\/2019\/10\/21\/trail-de-la-roche-doetre-saint-philbert-sur-orne-61-19-20-octobre\/nggallery\/image\/%STUB%'>\n                <img\n                    title=\"...\"\n                    alt=\"...\"\n                    src=\"http:\/\/petitssuissesnormands.ovh\/wp-content\/gallery\/trail-de-la-roche-doetre-2019\/thumbs\/thumbs_ro04.jpg\"\n                    width=\"240\"\n                    height=\"160\"\n                    style=\"max-width:100%;\"\n                \/>\n            <\/a>\n        <\/div>\n\t\t\t\t\t\t\t<\/div> \n\t\t\t\n\t\t\t\t<div id=\"ngg-image-12\" class=\"ngg-gallery-thumbnail-box ngg-4-columns\" >\n\t\t\t\t        <div class=\"ngg-gallery-thumbnail\">\n            <a href=\"http:\/\/petitssuissesnormands.ovh\/wp-content\/gallery\/trail-de-la-roche-doetre-2019\/ro03.jpg\"\n               title=\"\"\n               data-src=\"http:\/\/petitssuissesnormands.ovh\/wp-content\/gallery\/trail-de-la-roche-doetre-2019\/ro03.jpg\"\n               data-thumbnail=\"http:\/\/petitssuissesnormands.ovh\/wp-content\/gallery\/trail-de-la-roche-doetre-2019\/thumbs\/thumbs_ro03.jpg\"\n               data-image-id=\"88\"\n               data-title=\"...\"\n               data-description=\"\"\n               data-image-slug=\"ro03\"\n               class='use_imagebrowser_effect' data-imagebrowser-url='http:\/\/petitssuissesnormands.ovh\/index.php\/2019\/10\/21\/trail-de-la-roche-doetre-saint-philbert-sur-orne-61-19-20-octobre\/nggallery\/image\/%STUB%'>\n                <img\n                    title=\"...\"\n                    alt=\"...\"\n                    src=\"http:\/\/petitssuissesnormands.ovh\/wp-content\/gallery\/trail-de-la-roche-doetre-2019\/thumbs\/thumbs_ro03.jpg\"\n                    width=\"240\"\n                    height=\"160\"\n                    style=\"max-width:100%;\"\n                \/>\n            <\/a>\n        <\/div>\n\t\t\t\t\t\t\t<\/div> \n\t\t\t\n\t\t\t\t<div id=\"ngg-image-13\" class=\"ngg-gallery-thumbnail-box ngg-4-columns\" >\n\t\t\t\t        <div class=\"ngg-gallery-thumbnail\">\n            <a href=\"http:\/\/petitssuissesnormands.ovh\/wp-content\/gallery\/trail-de-la-roche-doetre-2019\/ro02.jpg\"\n               title=\"\"\n               data-src=\"http:\/\/petitssuissesnormands.ovh\/wp-content\/gallery\/trail-de-la-roche-doetre-2019\/ro02.jpg\"\n               data-thumbnail=\"http:\/\/petitssuissesnormands.ovh\/wp-content\/gallery\/trail-de-la-roche-doetre-2019\/thumbs\/thumbs_ro02.jpg\"\n               data-image-id=\"89\"\n               data-title=\"...\"\n               data-description=\"\"\n               data-image-slug=\"ro02\"\n               class='use_imagebrowser_effect' data-imagebrowser-url='http:\/\/petitssuissesnormands.ovh\/index.php\/2019\/10\/21\/trail-de-la-roche-doetre-saint-philbert-sur-orne-61-19-20-octobre\/nggallery\/image\/%STUB%'>\n                <img\n                    title=\"...\"\n                    alt=\"...\"\n                    src=\"http:\/\/petitssuissesnormands.ovh\/wp-content\/gallery\/trail-de-la-roche-doetre-2019\/thumbs\/thumbs_ro02.jpg\"\n                    width=\"240\"\n                    height=\"160\"\n                    style=\"max-width:100%;\"\n                \/>\n            <\/a>\n        <\/div>\n\t\t\t\t\t\t\t<\/div> \n\t\t\t\n\t\t\t\t<div id=\"ngg-image-14\" class=\"ngg-gallery-thumbnail-box ngg-4-columns\" >\n\t\t\t\t        <div class=\"ngg-gallery-thumbnail\">\n            <a href=\"http:\/\/petitssuissesnormands.ovh\/wp-content\/gallery\/trail-de-la-roche-doetre-2019\/ro01.jpg\"\n               title=\"\"\n               data-src=\"http:\/\/petitssuissesnormands.ovh\/wp-content\/gallery\/trail-de-la-roche-doetre-2019\/ro01.jpg\"\n               data-thumbnail=\"http:\/\/petitssuissesnormands.ovh\/wp-content\/gallery\/trail-de-la-roche-doetre-2019\/thumbs\/thumbs_ro01.jpg\"\n               data-image-id=\"90\"\n               data-title=\"...\"\n               data-description=\"\"\n               data-image-slug=\"ro01\"\n               class='use_imagebrowser_effect' data-imagebrowser-url='http:\/\/petitssuissesnormands.ovh\/index.php\/2019\/10\/21\/trail-de-la-roche-doetre-saint-philbert-sur-orne-61-19-20-octobre\/nggallery\/image\/%STUB%'>\n                <img\n                    title=\"...\"\n                    alt=\"...\"\n                    src=\"http:\/\/petitssuissesnormands.ovh\/wp-content\/gallery\/trail-de-la-roche-doetre-2019\/thumbs\/thumbs_ro01.jpg\"\n                    width=\"240\"\n                    height=\"160\"\n                    style=\"max-width:100%;\"\n                \/>\n            <\/a>\n        <\/div>\n\t\t\t\t\t\t\t<\/div> \n\t\t\t\n\t\n\t<br style=\"clear: both\" \/>\n\n\t\n\t\t<!-- Pagination -->\n\t<div class='ngg-clear'><\/div>\t<\/div>\n\n","protected":false},"excerpt":{"rendered":"<p>Traditionnel rendez-vous de l&rsquo;automne en Suisse Normande, le Trail de la Roche d&rsquo;O\u00ebtre s&rsquo;est d\u00e9roul\u00e9 les 19 et 20 octobre. Un programme de plus en plus cons\u00e9quent d&rsquo;ann\u00e9es en ann\u00e9es,<\/p>\n","protected":false},"author":1,"featured_media":263,"comment_status":"closed","ping_status":"closed","sticky":false,"template":"","format":"standard","meta":{"ngg_post_thumbnail":0,"footnotes":""},"categories":[29],"tags":[14,43,35],"class_list":["post-262","post","type-post","status-publish","format-standard","has-post-thumbnail","hentry","category-trail-course-a-pied","tag-psn","tag-roche-doetre","tag-trail","comments-off"],"_links":{"self":[{"href":"http:\/\/petitssuissesnormands.ovh\/index.php\/wp-json\/wp\/v2\/posts\/262","targetHints":{"allow":["GET"]}}],"collection":[{"href":"http:\/\/petitssuissesnormands.ovh\/index.php\/wp-json\/wp\/v2\/posts"}],"about":[{"href":"http:\/\/petitssuissesnormands.ovh\/index.php\/wp-json\/wp\/v2\/types\/post"}],"author":[{"embeddable":true,"href":"http:\/\/petitssuissesnormands.ovh\/index.php\/wp-json\/wp\/v2\/users\/1"}],"replies":[{"embeddable":true,"href":"http:\/\/petitssuissesnormands.ovh\/index.php\/wp-json\/wp\/v2\/comments?post=262"}],"version-history":[{"count":8,"href":"http:\/\/petitssuissesnormands.ovh\/index.php\/wp-json\/wp\/v2\/posts\/262\/revisions"}],"predecessor-version":[{"id":314,"href":"http:\/\/petitssuissesnormands.ovh\/index.php\/wp-json\/wp\/v2\/posts\/262\/revisions\/314"}],"wp:featuredmedia":[{"embeddable":true,"href":"http:\/\/petitssuissesnormands.ovh\/index.php\/wp-json\/wp\/v2\/media\/263"}],"wp:attachment":[{"href":"http:\/\/petitssuissesnormands.ovh\/index.php\/wp-json\/wp\/v2\/media?parent=262"}],"wp:term":[{"taxonomy":"category","embeddable":true,"href":"http:\/\/petitssuissesnormands.ovh\/index.php\/wp-json\/wp\/v2\/categories?post=262"},{"taxonomy":"post_tag","embeddable":true,"href":"http:\/\/petitssuissesnormands.ovh\/index.php\/wp-json\/wp\/v2\/tags?post=262"}],"curies":[{"name":"wp","href":"https:\/\/api.w.org\/{rel}","templated":true}]}}