{"id":2067,"date":"2021-11-12T21:27:21","date_gmt":"2021-11-12T20:27:21","guid":{"rendered":"http:\/\/petitssuissesnormands.ovh\/?p=2067"},"modified":"2022-04-27T23:06:52","modified_gmt":"2022-04-27T21:06:52","slug":"viree-nocturne-2021","status":"publish","type":"post","link":"http:\/\/petitssuissesnormands.ovh\/index.php\/2021\/11\/12\/viree-nocturne-2021\/","title":{"rendered":"Vir\u00e9e Nocturne &#8211; Vire (14) &#8211; 6 Novembre 2021"},"content":{"rendered":"<p style=\"text-align: justify;\">Premi\u00e8re manche du challenge des raids d\u2019orientation normands, la <strong>Vir\u00e9e Nocturne<\/strong> proposait cette ann\u00e9e 4 parcours nocturnes, dans la ville de Vire et dans ses alentours bois\u00e9s. Des parcours vari\u00e9s et rythm\u00e9s, avec du d\u00e9nivel\u00e9 et une C.O m\u00e9mo particuli\u00e8rement difficile sur les grands parcours. Les <strong>Petits Suisses Normands<\/strong> \u00e9taient naturellement pr\u00e9sents sur cette \u00e9preuve organis\u00e9e par les <strong>Vir&rsquo;King Raid<\/strong>, avec quelques bons r\u00e9sultats, et un peu de jardinage aussi &#8230;<\/p>\n<p><img loading=\"lazy\" decoding=\"async\" class=\"aligncenter wp-image-2069\" src=\"http:\/\/petitssuissesnormands.ovh\/wp-content\/uploads\/2021\/11\/20211106_171435.jpg\" alt=\"\" width=\"819\" height=\"420\" srcset=\"http:\/\/petitssuissesnormands.ovh\/wp-content\/uploads\/2021\/11\/20211106_171435.jpg 1600w, http:\/\/petitssuissesnormands.ovh\/wp-content\/uploads\/2021\/11\/20211106_171435-300x154.jpg 300w, http:\/\/petitssuissesnormands.ovh\/wp-content\/uploads\/2021\/11\/20211106_171435-768x393.jpg 768w, http:\/\/petitssuissesnormands.ovh\/wp-content\/uploads\/2021\/11\/20211106_171435-1024x524.jpg 1024w\" sizes=\"auto, (max-width: 819px) 100vw, 819px\" \/><\/p>\n<p><img loading=\"lazy\" decoding=\"async\" class=\"\" src=\"http:\/\/petitssuissesnormands.ovh\/wp-content\/uploads\/2021\/11\/20211106_173737.jpg\" alt=\"\" width=\"538\" height=\"403\">&nbsp; &nbsp; &nbsp;<img loading=\"lazy\" decoding=\"async\" class=\"\" src=\"http:\/\/petitssuissesnormands.ovh\/wp-content\/uploads\/2021\/11\/IMG-20211106-WA0000.jpg\" alt=\"\" width=\"301\" height=\"404\"><\/p>\n<p><span style=\"text-decoration: underline;\">Parcours Balaise<\/span> (20\/25 km &#8211; 19 \u00e9quipes)&nbsp; &nbsp;<br \/>\n&nbsp; &nbsp;.<span style=\"color: #1167b5;\"> <strong>Thibaut<\/strong><\/span> (en solo) \u2192 <span style=\"color: #1167b5;\"><strong>3\u00e8me<\/strong><\/span> en 3h30<br \/>\n&nbsp; &nbsp;. <span style=\"color: #1167b5;\"><strong>Fred, Dominique, Julien<\/strong><\/span> \u2192 <span style=\"color: #1167b5;\"><strong>16\u00e8me<\/strong><\/span> en 7h22 (dont 2h de p\u00e9nalit\u00e9)<\/p>\n<p><span style=\"text-decoration: underline;\">Parcours Os\u00e9e<\/span> (14\/16 km &#8211; 33 \u00e9quipes)<br \/>\n&nbsp; &nbsp;. <span style=\"color: #1167b5;\"><strong>Vincent P<\/strong><\/span> (avec Vincent D) \u2192 <span style=\"color: #1167b5;\"><strong>21\u00e8me<\/strong><\/span> en 3h59<\/p>\n<p><span style=\"text-decoration: underline;\">Parcours Hardie<\/span> (10\/12 km &#8211; 57 \u00e9quipes)<br \/>\n&nbsp; &nbsp;. <span style=\"color: #1167b5;\"><strong>J\u00e9r\u00f4me C<\/strong><\/span> (avec Marika R) \u2192<span style=\"color: #1167b5;\"> <strong>24\u00e8me<\/strong><\/span> en 3h22<br \/>\n&nbsp; &nbsp;. <span style=\"color: #1167b5;\"><strong>Math\u00e9o V<\/strong><\/span> (avec C\u00e9line V) \u2192<span style=\"color: #1167b5;\"> <strong>55\u00e8me<\/strong> <\/span>en 10h32<\/p>\n<p style=\"text-align: justify;\">Un peu plus t\u00f4t dans l&rsquo;apr\u00e8s-midi, les Vir&rsquo;King Raid organisaient aussi une <strong>C.O sprint<\/strong> semi-urbaine. Belle <strong>2\u00e8me<\/strong> place (sur 16) pour <strong>Thibaut<\/strong> sur le circuit orange hommes. <strong>Ghislain<\/strong> \u00e9tait bien parti pour exploser les chronos, mais il a oubli\u00e9 une balise en milieu de parcours et termine donc<strong> PM<\/strong>. Eh oui, \u00e7a arrive m\u00eame aux meilleurs !<\/p>\n","protected":false},"excerpt":{"rendered":"<p>Premi\u00e8re manche du challenge des raids d\u2019orientation normands, la Vir\u00e9e Nocturne proposait cette ann\u00e9e 4 parcours nocturnes, dans la ville de Vire et dans ses alentours bois\u00e9s. Des parcours vari\u00e9s<\/p>\n","protected":false},"author":1,"featured_media":892,"comment_status":"closed","ping_status":"closed","sticky":false,"template":"","format":"standard","meta":{"ngg_post_thumbnail":0,"footnotes":""},"categories":[4],"tags":[44,14,51,61],"class_list":["post-2067","post","type-post","status-publish","format-standard","has-post-thumbnail","hentry","category-course-dorientation","tag-c-o","tag-psn","tag-vire","tag-virkingraid","comments-off"],"_links":{"self":[{"href":"http:\/\/petitssuissesnormands.ovh\/index.php\/wp-json\/wp\/v2\/posts\/2067","targetHints":{"allow":["GET"]}}],"collection":[{"href":"http:\/\/petitssuissesnormands.ovh\/index.php\/wp-json\/wp\/v2\/posts"}],"about":[{"href":"http:\/\/petitssuissesnormands.ovh\/index.php\/wp-json\/wp\/v2\/types\/post"}],"author":[{"embeddable":true,"href":"http:\/\/petitssuissesnormands.ovh\/index.php\/wp-json\/wp\/v2\/users\/1"}],"replies":[{"embeddable":true,"href":"http:\/\/petitssuissesnormands.ovh\/index.php\/wp-json\/wp\/v2\/comments?post=2067"}],"version-history":[{"count":5,"href":"http:\/\/petitssuissesnormands.ovh\/index.php\/wp-json\/wp\/v2\/posts\/2067\/revisions"}],"predecessor-version":[{"id":2303,"href":"http:\/\/petitssuissesnormands.ovh\/index.php\/wp-json\/wp\/v2\/posts\/2067\/revisions\/2303"}],"wp:featuredmedia":[{"embeddable":true,"href":"http:\/\/petitssuissesnormands.ovh\/index.php\/wp-json\/wp\/v2\/media\/892"}],"wp:attachment":[{"href":"http:\/\/petitssuissesnormands.ovh\/index.php\/wp-json\/wp\/v2\/media?parent=2067"}],"wp:term":[{"taxonomy":"category","embeddable":true,"href":"http:\/\/petitssuissesnormands.ovh\/index.php\/wp-json\/wp\/v2\/categories?post=2067"},{"taxonomy":"post_tag","embeddable":true,"href":"http:\/\/petitssuissesnormands.ovh\/index.php\/wp-json\/wp\/v2\/tags?post=2067"}],"curies":[{"name":"wp","href":"https:\/\/api.w.org\/{rel}","templated":true}]}}